[{"@context":"https:\/\/schema.org\/","@type":"Article","@id":"https:\/\/www.komfortne.cz\/kdo-nam-opravi-klimatizaci\/#Article","mainEntityOfPage":"https:\/\/www.komfortne.cz\/kdo-nam-opravi-klimatizaci\/","headline":"Kdo n\u00e1m oprav\u00ed klimatizaci","name":"Kdo n\u00e1m oprav\u00ed klimatizaci","description":"Uva\u017eujete v Semilech \u010di na Semilsku o po\u0159\u00edzen\u00ed klimatizace? I p\u0159esto, \u017ee se jedn\u00e1 o hornatou oblast s vy\u0161\u0161\u00ed nadmo\u0159skou v\u00fd\u0161kou, mohou v\u00e1s tu zastihnout letn\u00ed tropy a tehdy pak m\u016f\u017ee sni\u017eov\u00e1n\u00ed teploty v obytn\u00fdch prostor\u00e1ch p\u0159ij\u00edt vhod. Klimatizace m\u016f\u017ee b\u00fdt v provozu i v noci, napom\u00e1h\u00e1 k hlubok\u00e9mu sp\u00e1nku a jestli\u017ee jste pak druh\u00fd<p><a href=\"https:\/\/www.komfortne.cz\/kdo-nam-opravi-klimatizaci\/\" class=\"more-link themebutton\">Read More<\/a><\/p>","datePublished":"2025-07-02","dateModified":"2025-07-02","author":{"@type":"Person","@id":"https:\/\/www.komfortne.cz\/author\/#Person","name":"","url":"https:\/\/www.komfortne.cz\/author\/","identifier":1,"image":{"@type":"ImageObject","@id":"https:\/\/secure.gravatar.com\/avatar\/a1f3afbcba6a2c855138f9932fa7e5ab7d93bdcdef3da88e8b7e3a89881e43e8?s=96&d=mm&r=g","url":"https:\/\/secure.gravatar.com\/avatar\/a1f3afbcba6a2c855138f9932fa7e5ab7d93bdcdef3da88e8b7e3a89881e43e8?s=96&d=mm&r=g","height":96,"width":96}},"publisher":{"@type":"Organization","name":"komfortne.cz","logo":{"@type":"ImageObject","@id":"\/logo.png","url":"\/logo.png","width":600,"height":60}},"image":{"@type":"ImageObject","@id":"https:\/\/www.komfortne.cz\/wp-content\/uploads\/air-conditioner-1028554_640_5.jpg","url":"https:\/\/www.komfortne.cz\/wp-content\/uploads\/air-conditioner-1028554_640_5.jpg","height":0,"width":0},"url":"https:\/\/www.komfortne.cz\/kdo-nam-opravi-klimatizaci\/","about":["Produkty"],"wordCount":406,"articleBody":"       Uva\u017eujete v Semilech \u010di na Semilsku o po\u0159\u00edzen\u00ed klimatizace? I p\u0159esto, \u017ee se jedn\u00e1 o hornatou oblast s vy\u0161\u0161\u00ed nadmo\u0159skou v\u00fd\u0161kou, mohou v\u00e1s tu zastihnout letn\u00ed tropy a tehdy pak m\u016f\u017ee sni\u017eov\u00e1n\u00ed teploty v obytn\u00fdch prostor\u00e1ch p\u0159ij\u00edt vhod. Klimatizace m\u016f\u017ee b\u00fdt v provozu i v noci, napom\u00e1h\u00e1 k hlubok\u00e9mu sp\u00e1nku a jestli\u017ee jste pak druh\u00fd den d\u016fkladn\u011b odpo\u010dat\u00ed a zregenerovan\u00ed, l\u00e9pe se v\u00e1m bude \u010delit letn\u00edm vedr\u016fm i mimo klimatizovan\u00e9 prost\u0159ed\u00ed. Nem\u011bli bychom tak\u00e9 zapom\u00ednat na to, \u017ee klimatizace m\u00e1 zna\u010dn\u00fd pozitivn\u00ed vliv na pr\u016fb\u011bh n\u011bkter\u00fdch chronick\u00fdch onemocn\u011bn\u00ed, nap\u0159\u00edklad m\u016f\u017ee b\u00fdt n\u00e1pomocn\u00e1 p\u0159i infarktech myokardu, c\u00e9vn\u00edch mozkov\u00fdch p\u0159\u00edhod\u00e1ch, neurologick\u00fdch onemocn\u011bn\u00edch, pot\u00ed\u017e\u00edch s tr\u00e1ven\u00edm i s oslaben\u00fdm imunitn\u00edm syst\u00e9mem.Pro lidsk\u00fd organismus je nejp\u0159irozen\u011bj\u0161\u00ed teplota ovzdu\u0161\u00ed v hodnot\u00e1ch mezi 20 a 25 stupni Celsia, p\u0159i teplot\u00e1ch ni\u017e\u0161\u00edch \u010di vy\u0161\u0161\u00edch ji\u017e organismus mus\u00ed vyu\u017e\u00edvat obrann\u00e9 mechanismy pro udr\u017een\u00ed st\u00e1l\u00e9 t\u011blesn\u00e9 teploty a ty pak nemocn\u00e9ho  http:\/\/nemocniceprerov.agel.cz\/verejnost\/navsteva-pacienta\/desatero-navstevy.html jedince zbyte\u010dn\u011b oslabuj\u00ed. Klimatizace je pom\u011brn\u011b slo\u017eit\u00e9 technick\u00e9 za\u0159\u00edzen\u00ed, kter\u00e9 se m\u016f\u017ee porouchat. Plat\u00ed tu v z\u00e1sad\u011b p\u0159\u00edm\u00e1 \u00fam\u011bra \u2013 \u010d\u00edm slo\u017eit\u011bj\u0161\u00ed a komplikovan\u011bj\u0161\u00ed za\u0159\u00edzen\u00ed, t\u00edm v\u011bt\u0161\u00ed pravd\u011bpodobnost poruchy. Do hry samoz\u0159ejm\u011b tak\u00e9 vstupuje to, jak se o klimatizaci star\u00e1me a jak \u010dasto je vyu\u017e\u00edv\u00e1na a v jak\u00e9m prost\u0159ed\u00ed. Ka\u017edop\u00e1dn\u011b bychom m\u011bli po\u010d\u00edtat s t\u00edm, \u017ee k n\u011bjak\u00e9 technick\u00e9 z\u00e1vad\u011b m\u016f\u017ee doj\u00edt, a \u017ee bude zapot\u0159eb\u00ed v Semilech oprava klimatizace Saidl chlazen\u00ed.Je to elektrick\u00e9 za\u0159\u00edzen\u00ed \u2013 \u010ce\u0161i jsou vyhl\u00e1\u0161en\u00ed kutilov\u00e9 a je teoreticky mo\u017en\u00e9, \u017ee nefunk\u010dn\u00ed za\u0159\u00edzen\u00ed n\u011bkoho zl\u00e1k\u00e1 ke sv\u00e9pomocn\u00e9mu servisn\u00edmu z\u00e1sahu, ale p\u0159ed t\u00edm v\u00e1s d\u016frazn\u011b varujeme, nebo\u0165 se jedn\u00e1 o elektrick\u00e9 za\u0159\u00edzen\u00ed a jejich servis i revize pat\u0159\u00ed do rukou osob, kter\u00e9 maj\u00ed p\u0159\u00edslu\u0161nou kvalifikaci. Rizika neodborn\u00fdch z\u00e1sah\u016f mohou v\u00e9st k nebezpe\u010dn\u00fdm zkrat\u016fm, po\u017e\u00e1r\u016fm nebo smrteln\u00fdm \u00faraz\u016fm.                                                                                                                                                                                                                                                                                                                                                                                          4.3\/5 - (7 votes)        "},{"@context":"https:\/\/schema.org\/","@type":"BreadcrumbList","itemListElement":[{"@type":"ListItem","position":1,"name":"Kdo n\u00e1m oprav\u00ed klimatizaci","item":"https:\/\/www.komfortne.cz\/kdo-nam-opravi-klimatizaci\/#breadcrumbitem"}]}]