[{"@context":"https:\/\/schema.org\/","@type":"Article","@id":"https:\/\/www.komfortne.cz\/podivejte-se-na-portfolio-fotografa\/#Article","mainEntityOfPage":"https:\/\/www.komfortne.cz\/podivejte-se-na-portfolio-fotografa\/","headline":"Pod\u00edvejte se na portfolio fotografa","name":"Pod\u00edvejte se na portfolio fotografa","description":"Pokud si \u010dlov\u011bk vyb\u00edr\u00e1 fotografa, pak jestli je n\u011bco, \u010demu by m\u011bl rozhodn\u011b v\u011bnovat pozornost, pak je to jeho portfolio. Pr\u00e1v\u011b na z\u00e1klad\u011b portfolia m\u016f\u017eete zjistit, zda se v\u00e1m tvorba dan\u00e9ho fotografa l\u00edb\u00ed nebo naopak nikoliv. Takov\u00e9 portfolio Vlcekjan mnohdy naleznete na webov\u00fdch str\u00e1nk\u00e1ch dan\u00e9ho fotografa. Ur\u010dit\u011b tedy nev\u00e1hejte a zav\u00edtejte na webov\u00e9 str\u00e1nky fotografa,<p><a href=\"https:\/\/www.komfortne.cz\/podivejte-se-na-portfolio-fotografa\/\" class=\"more-link themebutton\">Read More<\/a><\/p>","datePublished":"2021-10-23","dateModified":"2023-05-03","author":{"@type":"Person","@id":"https:\/\/www.komfortne.cz\/author\/#Person","name":"","url":"https:\/\/www.komfortne.cz\/author\/","identifier":1,"image":{"@type":"ImageObject","@id":"https:\/\/secure.gravatar.com\/avatar\/a1f3afbcba6a2c855138f9932fa7e5ab7d93bdcdef3da88e8b7e3a89881e43e8?s=96&d=mm&r=g","url":"https:\/\/secure.gravatar.com\/avatar\/a1f3afbcba6a2c855138f9932fa7e5ab7d93bdcdef3da88e8b7e3a89881e43e8?s=96&d=mm&r=g","height":96,"width":96}},"publisher":{"@type":"Organization","name":"komfortne.cz","logo":{"@type":"ImageObject","@id":"\/logo.png","url":"\/logo.png","width":600,"height":60}},"image":{"@type":"ImageObject","@id":"https:\/\/www.komfortne.cz\/wp-content\/uploads\/star%C5%A1%C3%AD%20fo%C5%A5%C3%A1ky.PNG","url":"https:\/\/www.komfortne.cz\/wp-content\/uploads\/star%C5%A1%C3%AD%20fo%C5%A5%C3%A1ky.PNG","height":0,"width":0},"url":"https:\/\/www.komfortne.cz\/podivejte-se-na-portfolio-fotografa\/","about":["Podnik\u00e1n\u00ed"],"wordCount":415,"articleBody":"   Pokud si \u010dlov\u011bk vyb\u00edr\u00e1 fotografa, pak jestli je n\u011bco, \u010demu by m\u011bl rozhodn\u011b v\u011bnovat pozornost, pak je to jeho portfolio. Pr\u00e1v\u011b na z\u00e1klad\u011b portfolia m\u016f\u017eete zjistit, zda se v\u00e1m tvorba dan\u00e9ho fotografa l\u00edb\u00ed nebo naopak nikoliv.Takov\u00e9 portfolio Vlcekjan mnohdy naleznete na webov\u00fdch str\u00e1nk\u00e1ch dan\u00e9ho fotografa. Ur\u010dit\u011b tedy nev\u00e1hejte a zav\u00edtejte na webov\u00e9 str\u00e1nky fotografa, kter\u00e9ho byste r\u00e1di kontaktovali, i vy. Skute\u010dn\u011b se vyplat\u00ed pod\u00edvat se na pr\u00e1ci dan\u00e9ho \u010dlov\u011bka, jeliko\u017e tak m\u016f\u017eete zjistit, zda by v\u00e1m podobn\u00e9 fotografie vyhovovaly.Ji\u017e v\u00edce ne\u017e jednou se stalo, \u017ee se \u010dlov\u011bk na takov\u00e9 portfolio pod\u00edval a zjistil, \u017ee fotografie se mu nel\u00edb\u00ed tolik, jak by si p\u0159edstavoval. Pokud se i v\u00e1m n\u011bco takov\u00e9ho stane, rozhodn\u011b by nebylo na \u0161kodu poohl\u00e9dnout se po jin\u00e9m fotografovi.Jsou v\u011bci, kter\u00e9 rozhodn\u011b stoj\u00ed za to a maj\u00ed smysl. N\u011bco takov\u00e9ho, jako je pr\u00e1v\u011b portfolio, smysl m\u00e1. V\u011b\u0159\u00edme, \u017ee budete opravdu spokojeni, pokud i vy t\u00e9to mo\u017enosti vyu\u017eijete. Nev\u00e1hejte a jd\u011bte do n\u011b\u010deho takov\u00e9ho i vy.M\u011bjte i vy jistotu, \u017ee s tvorbou dan\u00e9ho fotografa budete v\u00edce ne\u017e spokojeni.Mnohdy neb\u00fdv\u00e1 rozhoduj\u00edc\u00edm faktorem pouze portfolio, ale tak\u00e9 m\u00edsto, kde se dan\u00fd fotograf nach\u00e1z\u00ed. M\u016f\u017ee se klidn\u011b st\u00e1t, \u017ee naraz\u00edte na fotografa, kter\u00fd bude podle v\u00e1s fotit naprosto \u00fa\u017easn\u00e9 fotografie, ale bude se nach\u00e1zet na druh\u00e9 stran\u011b \u010cesk\u00e9 republiky. V takov\u00e9m p\u0159\u00edpad\u011b bude na v\u00e1s, zda byste cestu dan\u00e9mu fotografovi proplatili, nebo se pod\u00edv\u00e1te po n\u011bkom jin\u00e9m. Po n\u011bkom, kdo od V\u00e1s nen\u00ed tak daleko.Je opravdu na ka\u017ed\u00e9m, jak se rozhodne. Je ale v\u00edce ne\u017e dobr\u00e9 vyu\u017e\u00edt mo\u017enost\u00ed, kter\u00e9 se nab\u00edzej\u00ed. Nem\u011bjte z n\u011b\u010deho takov\u00e9ho obavy, proto\u017ee v\u011b\u0159te, \u017ee i vy m\u016f\u017eete b\u00fdt v\u00edce ne\u017e spokojeni a to dokonce i tak, jak byste to ani ne\u010dekali.M\u011bjte i vy takov\u00e9 fotografie, kter\u00e9 v\u00e1m bude ka\u017ed\u00fd z\u00e1vid\u011bt. Skute\u010dn\u011b je to mo\u017en\u00e9.Rozhodn\u011b stoj\u00ed za to \u0159e\u0161it n\u011bco takov\u00e9ho co mo\u017en\u00e1 nejd\u0159\u00edve, abyste si stihli s dan\u00fdm fotografem domluvit term\u00edn.                                                                                                                                                                                                                                                                                                                                                                                         4.5\/5 - (4 votes)        "},{"@context":"https:\/\/schema.org\/","@type":"BreadcrumbList","itemListElement":[{"@type":"ListItem","position":1,"name":"Pod\u00edvejte se na portfolio fotografa","item":"https:\/\/www.komfortne.cz\/podivejte-se-na-portfolio-fotografa\/#breadcrumbitem"}]}]