[{"@context":"https:\/\/schema.org\/","@type":"Article","@id":"https:\/\/www.komfortne.cz\/upraveni-lide\/#Article","mainEntityOfPage":"https:\/\/www.komfortne.cz\/upraveni-lide\/","headline":"Upraven\u00ed lid\u00e9","name":"Upraven\u00ed lid\u00e9","description":"Kr\u00e1sa je tady od toho, aby t\u0159eba byli dva\u00a0lid\u00e9 a byli si sami sob\u011b sympati\u010dt\u00ed. Mnoho lid\u00ed mi ale \u0159\u00edk\u00e1, \u017ee kr\u00e1sa nen\u00ed v\u0161echno a j\u00e1 s t\u00edmhle samoz\u0159ejm\u011b souhlas\u00edm. Je naprosto logick\u00e9, \u017ee kr\u00e1sa nen\u00ed v\u0161echno, proto\u017ee kdyby kr\u00e1sa byla opravdu \u00fapln\u011b v\u0161echno okolo, tak by v\u0161ichni asi byli stejn\u00ed. Nebo si mysl\u00edte, \u017ee<p><a href=\"https:\/\/www.komfortne.cz\/upraveni-lide\/\" class=\"more-link themebutton\">Read More<\/a><\/p>","datePublished":"2023-11-08","dateModified":"2023-11-08","author":{"@type":"Person","@id":"https:\/\/www.komfortne.cz\/author\/#Person","name":"","url":"https:\/\/www.komfortne.cz\/author\/","identifier":1,"image":{"@type":"ImageObject","@id":"https:\/\/secure.gravatar.com\/avatar\/a1f3afbcba6a2c855138f9932fa7e5ab7d93bdcdef3da88e8b7e3a89881e43e8?s=96&d=mm&r=g","url":"https:\/\/secure.gravatar.com\/avatar\/a1f3afbcba6a2c855138f9932fa7e5ab7d93bdcdef3da88e8b7e3a89881e43e8?s=96&d=mm&r=g","height":96,"width":96}},"publisher":{"@type":"Organization","name":"komfortne.cz","logo":{"@type":"ImageObject","@id":"\/logo.png","url":"\/logo.png","width":600,"height":60}},"image":{"@type":"ImageObject","@id":"https:\/\/www.komfortne.cz\/wp-content\/uploads\/plastic-surgeon-5242606_1280.jpg","url":"https:\/\/www.komfortne.cz\/wp-content\/uploads\/plastic-surgeon-5242606_1280.jpg","height":0,"width":0},"url":"https:\/\/www.komfortne.cz\/upraveni-lide\/","about":["Kr\u00e1sa"],"wordCount":471,"articleBody":"Kr\u00e1sa je tady od toho, aby t\u0159eba byli dva\u00a0lid\u00e9 a byli si sami sob\u011b sympati\u010dt\u00ed. Mnoho lid\u00ed mi ale \u0159\u00edk\u00e1, \u017ee kr\u00e1sa nen\u00ed v\u0161echno a j\u00e1 s t\u00edmhle samoz\u0159ejm\u011b souhlas\u00edm. Je naprosto logick\u00e9, \u017ee kr\u00e1sa nen\u00ed v\u0161echno, proto\u017ee kdyby kr\u00e1sa byla opravdu \u00fapln\u011b v\u0161echno okolo, tak by v\u0161ichni asi byli stejn\u00ed. Nebo si mysl\u00edte, \u017ee je dob\u0159e, kdyby t\u0159eba v\u0161ichni lid\u00e9 vypadali \u00fapln\u011b stejn\u011b, aby byli v\u0161ichni kr\u00e1sn\u00ed a sympati\u010dt\u00ed \u00fapln\u011b jako jeden druh\u00fd\u00a0p\u0159es kop\u00edr\u00e1k? Kdy\u017e u\u017e se tady bav\u00edme o n\u011bkom, jako \u017ee je p\u0159es kop\u00edr\u00e1k, tak co si mysl\u00edte o dne\u0161n\u00ed m\u00f3d\u011b, kdy jsou hodn\u011b modern\u00ed a kr\u00e1sn\u00e9 velik\u00e9 rty a vypln\u011bn\u00e9 tv\u00e1\u0159e a \u0161pi\u010dat\u00e9 brady a zmen\u0161en\u00e9 nosy? Tohle se m\u011b absolutn\u011b nel\u00edb\u00ed.Samoz\u0159ejm\u011b \u017ee kdy\u017e t\u0159eba n\u011bkdo m\u00e1 \u00fapln\u00e9 komplexy a m\u00e1 rty opravdu jako \u010d\u00e1rku, tak ch\u00e1pu, \u017ee by \u0161el na zv\u011bt\u0161en\u00ed rt\u016f.\u00a0To se p\u0159izn\u00e1m, \u017ee bych \u0161la tak\u00e9 tak\u00e9. A \u017ee\u00a0bych \u0161la na operaci, kdybych m\u011bla opravdu extr\u00e9mn\u011b velik\u00fd nos, ale bylo by to a\u017e nep\u0159irozen\u00e9 k typu m\u00e9mu obli\u010deji. Tohle je n\u011bco jin\u00e9ho, nebo kdybych t\u0159eba byla po d\u011btech a m\u011bla \u00fapln\u011b mal\u00e1 prsa, kter\u00e1 by mi \u00fapln\u011b visela, to bych tak\u00e9 \u0161la. Tohle v\u0161echno je z takov\u00e9ho estetick\u00e9ho d\u016fvodu. Ale \u017ee bych \u0161la t\u0159eba na vypln\u011bn\u00ed tv\u00e1\u0159\u00ed, nebo abych m\u011bla \u00fapln\u011b malinkat\u00fd nos jako t\u0159eba n\u011bjak\u00e9 here\u010dky? Tak to bych rozhodn\u011b necht\u011bla. Necht\u011bla bych m\u00edt ani tu \u0161pi\u010datou bradu, ani to pozvedl\u00e9\u00a0obo\u010d\u00ed.Tohle pr\u00e1v\u011b m\u00e1 moje kosmeti\u010dka a ono to vypad\u00e1 d\u011bsn\u011b. Ona\u00a0je vlastn\u011b cel\u00e1 um\u011bl\u00e1 a mysl\u00ed si, \u017ee je kr\u00e1sn\u00e1. Samoz\u0159ejm\u011b, \u017ee n\u011bkter\u00fdm lidem a hlavn\u011b mu\u017e\u016fm se tohle l\u00edb\u00ed. Zn\u00e1m n\u011bkolik mu\u017e\u016f, kte\u0159\u00ed pr\u00e1v\u011b vyhled\u00e1vaj\u00ed takhle upraven\u00e9 a vymodelovan\u00e9 \u017eeny. Hlavn\u011b, aby byly vysok\u00e9 a \u0161t\u00edhl\u00e9 a m\u011bli opravdu extra velik\u00e9 rty a vypln\u011bn\u00e9 tv\u00e1\u0159e a sexy o\u010di. J\u00e1 jsem kolikr\u00e1t byla akor\u00e1t na liftingu \u0159as, proto\u017ee j\u00e1 m\u00e1m svoje prav\u00e9 \u0159asy opravdu hodn\u011b dlouh\u00e9. Akor\u00e1t mi rostou rovn\u011b, tak\u017ee chod\u00edm v\u017edycky na nato\u010den\u00ed a \u0159\u00edk\u00e1m v\u00e1m, \u017ee to vypad\u00e1 opravdu perfektn\u011b. Mnoho lid\u00ed mi ani nev\u011b\u0159\u00ed, \u017ee jsou to jenom moje\u00a0\u0159asy. Ano, u\u017e jsou to moje \u0159asy, akor\u00e1t jsou nabarven\u00e9 a vypln\u011bn\u00e9, um\u011bl\u00e9 \u0159asy bych necht\u011bla, proto\u017ee bych se b\u00e1la, \u017ee mi to vypad\u00e1.\u00a0                                                                                                                                                                                                                                                                                                                                                                                        4.7\/5 - (3 votes)        "},{"@context":"https:\/\/schema.org\/","@type":"BreadcrumbList","itemListElement":[{"@type":"ListItem","position":1,"name":"Upraven\u00ed lid\u00e9","item":"https:\/\/www.komfortne.cz\/upraveni-lide\/#breadcrumbitem"}]}]